{"id":526,"date":"2021-10-28T18:34:00","date_gmt":"2021-10-28T16:34:00","guid":{"rendered":"https:\/\/grupowapps.es\/blog\/?p=526"},"modified":"2023-03-15T22:55:35","modified_gmt":"2023-03-15T21:55:35","slug":"oli-les-cabanes","status":"publish","type":"post","link":"https:\/\/grupowapps.es\/blog\/oli-les-cabanes\/","title":{"rendered":"Oli les cabanes"},"content":{"rendered":"\n<div class=\"wp-block-columns is-layout-flex wp-container-core-columns-is-layout-9d6595d7 wp-block-columns-is-layout-flex\">\n<div class=\"wp-block-column is-layout-flow wp-block-column-is-layout-flow\">\n<p>El aceite de oliva virgen extra <a aria-label=\"Les Cabanes (opens in a new tab)\" data-schema-attribute=\"mentions\" href=\"https:\/\/olilescabanes.com\" target=\"_blank\" rel=\"noreferrer noopener nofollow\" class=\"rank-math-link\">Les Cabanes<\/a> es un producto 100% natural internacionalmente premiado fruto de aceitunas de una variedad \u00fanica, la arbequina, y de producci\u00f3n 100% propia de la Cooperativa Sant Isidre de Juncosa.<\/p>\n\n\n\n<p>Tras varios a\u00f1os con la misma web, se requiere de un restyling que mantenga todas las URL migrando la plataforma de Joomla a Woocommerce, plugin de e-commerce que funciona bajo el CMS WordPress, trabajo que nos encarga la agencia de comunicaci\u00f3n <a aria-label=\"Ag\u00e8ncia OMA (opens in a new tab)\" data-schema-attribute=\"mentions\" href=\"https:\/\/agenciaoma.com\" target=\"_blank\" rel=\"noreferrer noopener nofollow\" class=\"rank-math-link\">Ag\u00e8ncia OMA<\/a> la cual les lleva todo el dise\u00f1o de productos, campa\u00f1as de comunicaci\u00f3n y fotograf\u00eda.<\/p>\n<\/div>\n\n\n\n<div class=\"wp-block-column is-layout-flow wp-block-column-is-layout-flow\">\n<ul style=\"list-style:none\">\n    <li>\n        <h6 style=\"margin-bottom:0\">Cliente<\/h6><p>Oli les cabanes<\/p>\n    <\/li><li>\n    <h6 style=\"margin-bottom:0\">Web<\/h6><p><a href=\"https:\/\/olilescabanes.com\" target=\"_blank\" rel=\"noopener noreferrer\">\nhttps:\/\/olilescabanes.com<\/a><\/p>\n<\/li>\n    <li>\n        <h6 style=\"margin-bottom:0\">Tags<\/h6><p class=\"project-tags\"><a href=\"https:\/\/grupowapps.es\/blog\/tag\/ecommerce\/\" rel=\"tag\">ecommerce<\/a><a href=\"https:\/\/grupowapps.es\/blog\/tag\/wordpress\/\" rel=\"tag\">Wordpress<\/a><\/p>\n    <\/li>\n<\/ul>\n<\/div>\n<\/div>\n\n\n\n<p>Para este trabajo estudiamos la viabilidad de mantener todos los enlaces, la cual vemos factible y comenzamos a trabajar en dar un dise\u00f1o totalmente renovado y responsive, que \u00fanicamente guarda del anterior los colores corporativos y el logo. Trabajamos cada una de las p\u00e1ginas est\u00e1ticas de contenido, as\u00ed como las fichas de noticia o premios y productos, trabajando tambi\u00e9n las canonical, con el fin de mejorar todav\u00eda m\u00e1s el posicionamiento SEO y evitar posibles penalizaciones al tener productos con nombre similar. Una vez acabado el dise\u00f1o en un idioma y aprobado por el cliente, procedemos a traducir la web al resto de idiomas en los que est\u00e1 disponible. Por \u00faltimo limitamos los pa\u00edses que pueden pedir productos a los que indica el cliente, y se optimiza la web con diferentes plugins para que tenga una velocidad de entrega \u00f3ptima que permita vender sin perder clientes por esperas innecesarias.<\/p>\n\n\n\n<div class=\"wp-block-columns is-layout-flex wp-container-core-columns-is-layout-9d6595d7 wp-block-columns-is-layout-flex\">\n<div class=\"wp-block-column is-layout-flow wp-block-column-is-layout-flow\">\n<h2 class=\"wp-block-heading\">WPO (Optimizaci\u00f3n del rendimiento web)<\/h2>\n\n\n\n<p>El WPO es un factor es fundamental a tener en cuenta a la hora de crear una p\u00e1gina o blog, ya que una mala optimizaci\u00f3n, de nada vale y perderemos posiciones en los resultados de buscadores y clientes.<\/p>\n\n\n\n<p>En <a rel=\"noreferrer noopener\" href=\"https:\/\/grupowapps.es\/\" target=\"_blank\">Grupo Wapps<\/a> recomendamos tener un tiempo de carga inferior o igual a 2 segundos y una buena puntuaci\u00f3n<br><a rel=\"noreferrer noopener\" href=\"https:\/\/developers.google.com\/speed\/pagespeed\/insights\/?hl=es\" target=\"_blank\">Analiza aqu\u00ed tu web<\/a><\/p>\n<\/div>\n\n\n\n<div class=\"wp-block-column is-layout-flow wp-block-column-is-layout-flow\">\n<figure class=\"wp-block-image size-large\"><img loading=\"lazy\" decoding=\"async\" width=\"580\" height=\"450\" src=\"https:\/\/grupowapps.es\/blog\/wp-content\/uploads\/2020\/02\/casaosarregueses-WPO.png\" alt=\"\" class=\"wp-image-402\" srcset=\"https:\/\/grupowapps.es\/blog\/wp-content\/uploads\/2020\/02\/casaosarregueses-WPO.png 580w, https:\/\/grupowapps.es\/blog\/wp-content\/uploads\/2020\/02\/casaosarregueses-WPO-300x233.png 300w, https:\/\/grupowapps.es\/blog\/wp-content\/uploads\/2020\/02\/casaosarregueses-WPO-450x349.png 450w\" sizes=\"auto, (max-width: 580px) 93vw, 580px\" \/><\/figure>\n<\/div>\n<\/div>\n","protected":false},"excerpt":{"rendered":"<p>El aceite de oliva virgen extra Les Cabanes es un producto 100% natural internacionalmente premiado fruto de aceitunas de una variedad \u00fanica, la arbequina, y de producci\u00f3n 100% propia de la Cooperativa Sant Isidre de Juncosa. Tras varios a\u00f1os con la misma web, se requiere de un restyling que mantenga todas las URL migrando la &hellip; <\/p>\n<p><a href=\"https:\/\/grupowapps.es\/blog\/oli-les-cabanes\/\" class=\"more-link\">Read more<span class=\"screen-reader-text\"> \u00abOli les cabanes\u00bb<\/span><\/a><\/p>\n","protected":false},"author":1,"featured_media":527,"comment_status":"closed","ping_status":"open","sticky":false,"template":"","format":"standard","meta":{"_monsterinsights_skip_tracking":false,"_monsterinsights_sitenote_active":false,"_monsterinsights_sitenote_note":"","_monsterinsights_sitenote_category":0,"footnotes":""},"categories":[109],"tags":[108,3],"class_list":["post-526","post","type-post","status-publish","format-standard","has-post-thumbnail","hentry","category-proyectos","tag-ecommerce","tag-wordpress"],"_links":{"self":[{"href":"https:\/\/grupowapps.es\/blog\/wp-json\/wp\/v2\/posts\/526","targetHints":{"allow":["GET"]}}],"collection":[{"href":"https:\/\/grupowapps.es\/blog\/wp-json\/wp\/v2\/posts"}],"about":[{"href":"https:\/\/grupowapps.es\/blog\/wp-json\/wp\/v2\/types\/post"}],"author":[{"embeddable":true,"href":"https:\/\/grupowapps.es\/blog\/wp-json\/wp\/v2\/users\/1"}],"replies":[{"embeddable":true,"href":"https:\/\/grupowapps.es\/blog\/wp-json\/wp\/v2\/comments?post=526"}],"version-history":[{"count":1,"href":"https:\/\/grupowapps.es\/blog\/wp-json\/wp\/v2\/posts\/526\/revisions"}],"predecessor-version":[{"id":528,"href":"https:\/\/grupowapps.es\/blog\/wp-json\/wp\/v2\/posts\/526\/revisions\/528"}],"wp:featuredmedia":[{"embeddable":true,"href":"https:\/\/grupowapps.es\/blog\/wp-json\/wp\/v2\/media\/527"}],"wp:attachment":[{"href":"https:\/\/grupowapps.es\/blog\/wp-json\/wp\/v2\/media?parent=526"}],"wp:term":[{"taxonomy":"category","embeddable":true,"href":"https:\/\/grupowapps.es\/blog\/wp-json\/wp\/v2\/categories?post=526"},{"taxonomy":"post_tag","embeddable":true,"href":"https:\/\/grupowapps.es\/blog\/wp-json\/wp\/v2\/tags?post=526"}],"curies":[{"name":"wp","href":"https:\/\/api.w.org\/{rel}","templated":true}]}}